{"id":713,"date":"2025-07-10T07:43:58","date_gmt":"2025-07-10T07:43:58","guid":{"rendered":"https:\/\/tinski.org\/?p=713"},"modified":"2025-07-10T07:43:58","modified_gmt":"2025-07-10T07:43:58","slug":"kunst-ah-saouu","status":"publish","type":"post","link":"https:\/\/tinski.org\/index.php\/2025\/07\/10\/kunst-ah-saouu\/","title":{"rendered":"KUNST AH SAOUU"},"content":{"rendered":"\n<div class=\"wp-block-columns is-layout-flex wp-container-core-columns-is-layout-28f84493 wp-block-columns-is-layout-flex\">\n<div class=\"wp-block-column is-layout-flow wp-block-column-is-layout-flow\">\n<figure class=\"wp-block-image aligncenter size-full\"><img loading=\"lazy\" decoding=\"async\" width=\"420\" height=\"596\" src=\"https:\/\/tinski.org\/wp-content\/uploads\/2025\/07\/Ahsaouu_vorne_internet.jpg\" alt=\"\" class=\"wp-image-714\" srcset=\"https:\/\/tinski.org\/wp-content\/uploads\/2025\/07\/Ahsaouu_vorne_internet.jpg 420w, https:\/\/tinski.org\/wp-content\/uploads\/2025\/07\/Ahsaouu_vorne_internet-211x300.jpg 211w\" sizes=\"auto, (max-width: 420px) 100vw, 420px\" \/><\/figure>\n\n\n\n<figure class=\"wp-block-image aligncenter size-full\"><img loading=\"lazy\" decoding=\"async\" width=\"420\" height=\"596\" src=\"https:\/\/tinski.org\/wp-content\/uploads\/2025\/07\/Ahsaouu_hinten_internet.jpg\" alt=\"\" class=\"wp-image-715\" srcset=\"https:\/\/tinski.org\/wp-content\/uploads\/2025\/07\/Ahsaouu_hinten_internet.jpg 420w, https:\/\/tinski.org\/wp-content\/uploads\/2025\/07\/Ahsaouu_hinten_internet-211x300.jpg 211w\" sizes=\"auto, (max-width: 420px) 100vw, 420px\" \/><\/figure>\n<\/div>\n\n\n\n<div class=\"wp-block-column is-layout-flow wp-block-column-is-layout-flow\">\n<h5 class=\"wp-block-heading\">Vernissage: 07. August 2025 17 : 30 Uhr<br>BILDEIN, HAUPTSTRASSE 65<br>Er\u00f6ffnung: Bgm. Emmerich Zax jun.<\/h5>\n\n\n\n<p class=\"wp-block-paragraph\">\u00d6ffnungszeiten:<br>08.08.-10.08.: Fr-So 1o-19 Uhr<br>12.08.-17.08.: Di-So 16-19 Uhr<br><br>Der Titel KUNST ACH SO klingt auf den ersten Blick schlicht \u2013 doch genau darin liegt seine Kraft. Das kleine \u201eAch so!&#8220; steht f\u00fcr den Moment der Erkenntnis, der \u00dcberraschung oder des Nachdenkens, den Kunst in uns ausl\u00f6sen kann.<br>Diese Gruppenausstellung versammelt regionale K\u00fcnstler*innen, die auf vielf\u00e4ltige Weise zeigen, wie Kunst Impulse geben, Gedanken ansto\u00dfen und Verbindungen schaffen kann. Jedes Werk ist eine Einladung, das Unerwartete zu entdecken, Bekanntes neu zu betrachten und sich \u00fcberraschen zu lassen.<br>KUNST ACH SO erinnert daran, dass Kunst nicht laut sein muss, um zu<br>ber\u00fchren. Manchmal reicht ein leises Fl\u00fcstern \u2013 und es ver\u00e4ndert alles.<\/p>\n\n\n\n<h5 class=\"wp-block-heading\"><br>Petra Teresa Mark, Fotografie<br>Jeannette Michalko, Malerei<br>tinski, collage, Malerei<br>bettina juliane burnus, Malerei, collage, skulptur<br>Renate Holpfer, Druckgrafik, Malerei, Objekte<br>Reinhard Mikel, Skulptur<br>R . V. Gombots, Skulptur, Zeichnung<br><br><\/h5>\n<\/div>\n<\/div>\n\n\n\n<p class=\"wp-block-paragraph\"><\/p>\n","protected":false},"excerpt":{"rendered":"<p>Vernissage: 07. August 2025 17 : 30 UhrBILDEIN, HAUPTSTRASSE 65Er\u00f6ffnung: Bgm. Emmerich Zax jun. \u00d6ffnungszeiten:08.08.-10.08.: Fr-So 1o-19 Uhr12.08.-17.08.: Di-So 16-19 Uhr Der Titel KUNST ACH SO klingt auf den ersten Blick schlicht \u2013 doch genau darin liegt seine Kraft. Das kleine \u201eAch so!&#8220; steht f\u00fcr den Moment der Erkenntnis, der \u00dcberraschung oder des Nachdenkens, den [&hellip;]<\/p>\n","protected":false},"author":1,"featured_media":714,"comment_status":"open","ping_status":"open","sticky":false,"template":"","format":"standard","meta":{"_crdt_document":"","pgc_sgb_lightbox_settings":"","footnotes":""},"categories":[1],"tags":[],"class_list":["post-713","post","type-post","status-publish","format-standard","has-post-thumbnail","hentry","category-uncategorized"],"_links":{"self":[{"href":"https:\/\/tinski.org\/index.php\/wp-json\/wp\/v2\/posts\/713","targetHints":{"allow":["GET"]}}],"collection":[{"href":"https:\/\/tinski.org\/index.php\/wp-json\/wp\/v2\/posts"}],"about":[{"href":"https:\/\/tinski.org\/index.php\/wp-json\/wp\/v2\/types\/post"}],"author":[{"embeddable":true,"href":"https:\/\/tinski.org\/index.php\/wp-json\/wp\/v2\/users\/1"}],"replies":[{"embeddable":true,"href":"https:\/\/tinski.org\/index.php\/wp-json\/wp\/v2\/comments?post=713"}],"version-history":[{"count":1,"href":"https:\/\/tinski.org\/index.php\/wp-json\/wp\/v2\/posts\/713\/revisions"}],"predecessor-version":[{"id":716,"href":"https:\/\/tinski.org\/index.php\/wp-json\/wp\/v2\/posts\/713\/revisions\/716"}],"wp:featuredmedia":[{"embeddable":true,"href":"https:\/\/tinski.org\/index.php\/wp-json\/wp\/v2\/media\/714"}],"wp:attachment":[{"href":"https:\/\/tinski.org\/index.php\/wp-json\/wp\/v2\/media?parent=713"}],"wp:term":[{"taxonomy":"category","embeddable":true,"href":"https:\/\/tinski.org\/index.php\/wp-json\/wp\/v2\/categories?post=713"},{"taxonomy":"post_tag","embeddable":true,"href":"https:\/\/tinski.org\/index.php\/wp-json\/wp\/v2\/tags?post=713"}],"curies":[{"name":"wp","href":"https:\/\/api.w.org\/{rel}","templated":true}]}}